{"id":12638,"date":"2013-12-12T15:36:50","date_gmt":"2013-12-12T15:36:50","guid":{"rendered":"http:\/\/skforum.at\/wp\/?p=12638"},"modified":"2019-02-06T12:00:21","modified_gmt":"2019-02-06T12:00:21","slug":"koncert-lazar-novkov-frame-orchestra-12-decembar-2013-kulturhaus-sargfabrik","status":"publish","type":"post","link":"https:\/\/skforum.at\/wp\/koncert-lazar-novkov-frame-orchestra-12-decembar-2013-kulturhaus-sargfabrik\/","title":{"rendered":"Koncert Lazar Novkov &#038; FRAME ORCHESTRA<br\/>12. decembar 2013. <br\/>Kulturhaus SARGFABRIK"},"content":{"rendered":"<p>[et_pb_section fb_built=&#8221;1&#8243; fullwidth=&#8221;on&#8221; admin_label=&#8221;Hero Section&#8221; _builder_version=&#8221;3.0.83&#8243;][et_pb_fullwidth_header title=&#8221;Koncert Lazar Novkov &#038; FRAME ORCHESTRA \u010cetvrtak, 12. decembar 2013. Kulturhaus SARGFABRIK&#8221; text_orientation=&#8221;center&#8221; header_fullscreen=&#8221;on&#8221; header_scroll_down=&#8221;on&#8221; scroll_down_icon=&#8221;%%2%%&#8221; scroll_down_icon_color=&#8221;#ffffff&#8221; background_overlay_color=&#8221;rgba(0,0,0,0.5)&#8221; title_font_color=&#8221;#ffffff&#8221; subhead_font_color=&#8221;#ffffff&#8221; scroll_down_icon_size_phone=&#8221;0px&#8221; scroll_down_icon_size_last_edited=&#8221;on|phone&#8221; disabled_on=&#8221;on|off|off&#8221; _builder_version=&#8221;3.17.6&#8243; title_font=&#8221;Nunito||||||||&#8221; title_text_color=&#8221;#ffffff&#8221; title_font_size=&#8221;45px&#8221; title_font_size_phone=&#8221;48px&#8221; title_font_size_last_edited=&#8221;on|phone&#8221; title_text_shadow_style=&#8221;preset5&#8243; subhead_font=&#8221;Open Sans||||||||&#8221; subhead_text_color=&#8221;#ffffff&#8221; subhead_font_size=&#8221;24px&#8221; subhead_font_size_phone=&#8221;15px&#8221; subhead_font_size_last_edited=&#8221;on|phone&#8221; subhead_line_height=&#8221;1.6em&#8221; background_color=&#8221;rgba(0,0,0,0.75)&#8221; background_image=&#8221;http:\/\/skforum.at\/wp\/wp-content\/uploads\/2018\/12\/mala_slika_Lazar_Novkov.jpg&#8221; background_size=&#8221;contain&#8221; custom_button_one=&#8221;on&#8221; button_one_text_size=&#8221;14px&#8221; button_one_text_color=&#8221;#ffffff&#8221; button_one_bg_color=&#8221;#0099e5&#8243; button_one_border_width=&#8221;12px&#8221; button_one_border_color=&#8221;#0099e5&#8243; button_one_border_radius=&#8221;0px&#8221; button_one_letter_spacing=&#8221;2px&#8221; button_one_font=&#8221;Nunito|700||on|||||&#8221; button_one_use_icon=&#8221;off&#8221; background_layout=&#8221;light&#8221; animation_style=&#8221;fade&#8221; button_one_text_color_hover=&#8221;#ffffff&#8221; button_one_border_color_hover=&#8221;#0099e5&#8243; button_one_border_radius_hover=&#8221;0px&#8221; button_one_letter_spacing_hover=&#8221;2px&#8221; button_one_bg_color_hover=&#8221;#0099e5&#8243; button_one_text_size__hover_enabled=&#8221;off&#8221; button_two_text_size__hover_enabled=&#8221;off&#8221; button_one_text_color__hover_enabled=&#8221;on&#8221; button_one_text_color__hover=&#8221;#ffffff&#8221; button_two_text_color__hover_enabled=&#8221;off&#8221; button_one_border_width__hover_enabled=&#8221;off&#8221; button_two_border_width__hover_enabled=&#8221;off&#8221; button_one_border_color__hover_enabled=&#8221;on&#8221; button_one_border_color__hover=&#8221;#0099e5&#8243; button_two_border_color__hover_enabled=&#8221;off&#8221; button_one_border_radius__hover_enabled=&#8221;on&#8221; button_one_border_radius__hover=&#8221;0px&#8221; button_two_border_radius__hover_enabled=&#8221;off&#8221; button_one_letter_spacing__hover_enabled=&#8221;on&#8221; button_one_letter_spacing__hover=&#8221;2px&#8221; button_two_letter_spacing__hover_enabled=&#8221;off&#8221; button_one_bg_color__hover_enabled=&#8221;on&#8221; button_one_bg_color__hover=&#8221;#0099e5&#8243; button_two_bg_color__hover_enabled=&#8221;off&#8221;][\/et_pb_fullwidth_header][et_pb_fullwidth_header title=&#8221;Koncert Lazar Novkov &#038; FRAME ORCHESTRA \u010cetvrtak, 12. decembar 2013. Kulturhaus SARGFABRIK&#8221; text_orientation=&#8221;center&#8221; header_scroll_down=&#8221;on&#8221; scroll_down_icon=&#8221;%%2%%&#8221; scroll_down_icon_color=&#8221;#ffffff&#8221; background_overlay_color=&#8221;rgba(0,0,0,0.5)&#8221; title_font_color=&#8221;#ffffff&#8221; subhead_font_color=&#8221;#ffffff&#8221; scroll_down_icon_size_phone=&#8221;0px&#8221; scroll_down_icon_size_last_edited=&#8221;on|phone&#8221; disabled_on=&#8221;off|on|on&#8221; _builder_version=&#8221;3.17.6&#8243; title_font=&#8221;Nunito||||||||&#8221; title_text_color=&#8221;#ffffff&#8221; title_font_size=&#8221;80px&#8221; title_font_size_phone=&#8221;30px&#8221; title_font_size_last_edited=&#8221;on|phone&#8221; title_text_shadow_style=&#8221;preset5&#8243; subhead_font=&#8221;Open Sans||||||||&#8221; subhead_text_color=&#8221;#ffffff&#8221; subhead_font_size=&#8221;24px&#8221; subhead_font_size_phone=&#8221;15px&#8221; subhead_font_size_last_edited=&#8221;on|phone&#8221; subhead_line_height=&#8221;1.6em&#8221; background_color=&#8221;rgba(0,0,0,0.75)&#8221; background_image=&#8221;http:\/\/skforum.at\/wp\/wp-content\/uploads\/2018\/12\/mala_slika_Lazar_Novkov.jpg&#8221; background_size=&#8221;contain&#8221; custom_button_one=&#8221;on&#8221; button_one_text_size=&#8221;14px&#8221; button_one_text_color=&#8221;#ffffff&#8221; button_one_bg_color=&#8221;#0099e5&#8243; button_one_border_width=&#8221;12px&#8221; button_one_border_color=&#8221;#0099e5&#8243; button_one_border_radius=&#8221;0px&#8221; button_one_letter_spacing=&#8221;2px&#8221; button_one_font=&#8221;Nunito|700||on|||||&#8221; button_one_use_icon=&#8221;off&#8221; background_layout=&#8221;light&#8221; custom_margin=&#8221;81px||&#8221; custom_padding=&#8221;||||true&#8221; animation_style=&#8221;fade&#8221; custom_css_main_element=&#8221;padding-top: 50px !important;&#8221; custom_css_scroll_button=&#8221;display: none;&#8221; button_one_text_color_hover=&#8221;#ffffff&#8221; button_one_border_color_hover=&#8221;#0099e5&#8243; button_one_border_radius_hover=&#8221;0px&#8221; button_one_letter_spacing_hover=&#8221;2px&#8221; button_one_bg_color_hover=&#8221;#0099e5&#8243; button_one_text_size__hover_enabled=&#8221;off&#8221; button_two_text_size__hover_enabled=&#8221;off&#8221; button_one_text_color__hover_enabled=&#8221;on&#8221; button_one_text_color__hover=&#8221;#ffffff&#8221; button_two_text_color__hover_enabled=&#8221;off&#8221; button_one_border_width__hover_enabled=&#8221;off&#8221; button_two_border_width__hover_enabled=&#8221;off&#8221; button_one_border_color__hover_enabled=&#8221;on&#8221; button_one_border_color__hover=&#8221;#0099e5&#8243; button_two_border_color__hover_enabled=&#8221;off&#8221; button_one_border_radius__hover_enabled=&#8221;on&#8221; button_one_border_radius__hover=&#8221;0px&#8221; button_two_border_radius__hover_enabled=&#8221;off&#8221; button_one_letter_spacing__hover_enabled=&#8221;on&#8221; button_one_letter_spacing__hover=&#8221;2px&#8221; button_two_letter_spacing__hover_enabled=&#8221;off&#8221; button_one_bg_color__hover_enabled=&#8221;on&#8221; button_one_bg_color__hover=&#8221;#0099e5&#8243; button_two_bg_color__hover_enabled=&#8221;off&#8221;][\/et_pb_fullwidth_header][\/et_pb_section][et_pb_section fb_built=&#8221;1&#8243; _builder_version=&#8221;3.11.1&#8243; background_color=&#8221;#f7f7f7&#8243; custom_padding=&#8221;50px|2px|50px|0px|false|false&#8221;][et_pb_row use_custom_width=&#8221;on&#8221; custom_padding=&#8221;0||0||true|false&#8221; custom_padding_phone=&#8221;||0px|&#8221; custom_padding_last_edited=&#8221;off|desktop&#8221; background_color_1=&#8221;#ffffff&#8221; _builder_version=&#8221;3.17.6&#8243; border_radii=&#8221;on|12px|12px|12px|12px&#8221; custom_css_main_element=&#8221;width: 100% !important;&#8221;][et_pb_column type=&#8221;4_4&#8243; _builder_version=&#8221;3.0.47&#8243; background_color=&#8221;#ffffff&#8221; parallax=&#8221;off&#8221; parallax_method=&#8221;on&#8221;][et_pb_text module_class=&#8221;drop-caps&#8221; _builder_version=&#8221;3.17.6&#8243; text_text_color=&#8221;#000000&#8243; text_font_size=&#8221;15px&#8221; text_font_size_phone=&#8221;13px&#8221; text_font_size_last_edited=&#8221;on|phone&#8221; max_width=&#8221;85%&#8221; max_width_last_edited=&#8221;on|desktop&#8221; module_alignment=&#8221;center&#8221; custom_margin=&#8221;40px||40px||true&#8221; custom_padding_tablet=&#8221;|20px||20px||true&#8221; custom_padding_phone=&#8221;|15px||15px||true&#8221; custom_padding_last_edited=&#8221;on|phone&#8221; text_orientation=&#8221;justified&#8221; text_font=&#8221;||||||||&#8221;]<\/p>\n<p><span>Svetska muzika, postmoderna, kabare, crossover ili etno trend dana\u0161njice, samo su \u0161iri kontekst u kojem se kre\u0107e muzi\u010dki izraz Frame Orchestra. Specifi\u010dnost njihovog muzi\u010dkog izraza je doprinela nastupima na mnogim kulturnim manifestacijama i festivalima. Ovo im je prvo gostovanje u Austriji!<\/span><\/p>\n<p>[\/et_pb_text][et_pb_image src=&#8221;http:\/\/skforum.at\/wp\/wp-content\/uploads\/2018\/12\/Flajer_FRAME_ORCHESTRA_sr.jpg&#8221; force_fullwidth=&#8221;on&#8221; _builder_version=&#8221;3.17.6&#8243; custom_margin=&#8221;|15px|15px|15px||true&#8221;][\/et_pb_image][\/et_pb_column][\/et_pb_row][\/et_pb_section][et_pb_section fb_built=&#8221;1&#8243; fullwidth=&#8221;on&#8221; disabled_on=&#8221;off|off|off&#8221; admin_label=&#8221;Map&#8221; _builder_version=&#8221;3.17.6&#8243; custom_padding=&#8221;0px|0px|0px|0px&#8221; top_divider_color=&#8221;#f0830e&#8221; top_divider_height=&#8221;20px&#8221; top_divider_flip=&#8221;horizontal&#8221; top_divider_height_phone=&#8221;10px&#8221; top_divider_height_last_edited=&#8221;on|phone&#8221; bottom_divider_height=&#8221;20px&#8221; bottom_divider_flip=&#8221;horizontal&#8221; bottom_divider_height_phone=&#8221;10px&#8221; bottom_divider_height_last_edited=&#8221;on|tablet&#8221; global_module=&#8221;17385&#8243; locked=&#8221;off&#8221;][et_pb_fullwidth_map address=&#8221;Goldschlagstra\u00dfe 169, 1140 Wien, Austria&#8221; zoom_level=&#8221;14&#8243; address_lat=&#8221;48.1951878&#8243; address_lng=&#8221;16.3046819&#8243; mouse_wheel=&#8221;off&#8221; use_grayscale_filter=&#8221;on&#8221; _builder_version=&#8221;3.17.6&#8243; custom_margin=&#8221;|||&#8221; custom_padding=&#8221;|||&#8221; child_filter_saturate=&#8221;0%&#8221;][et_pb_map_pin pin_address=&#8221;Goldschlagstra\u00dfe 169, 1140 Wien, Austria&#8221; pin_address_lat=&#8221;48.1951878&#8243; pin_address_lng=&#8221;16.3046819&#8243; _builder_version=&#8221;3.17.6&#8243;][\/et_pb_map_pin][\/et_pb_fullwidth_map][\/et_pb_section][et_pb_section fb_built=&#8221;1&#8243; _builder_version=&#8221;3.17.6&#8243; background_color=&#8221;#f4f4f4&#8243; custom_padding=&#8221;1px||0px||false|false&#8221; custom_padding_tablet=&#8221;0px||0px|&#8221; top_divider_height=&#8221;35px&#8221; top_divider_height_phone=&#8221;30px&#8221; top_divider_height_last_edited=&#8221;on|phone&#8221; transparent_background=&#8221;off&#8221; padding_mobile=&#8221;on&#8221; global_module=&#8221;6947&#8243; saved_tabs=&#8221;all&#8221;][et_pb_row use_custom_gutter=&#8221;on&#8221; gutter_width=&#8221;2&#8243; custom_padding=&#8221;50px||50px||false|false&#8221; column_padding_mobile=&#8221;on&#8221; parallax_method_1=&#8221;off&#8221; parallax_method_2=&#8221;off&#8221; parallax_method_3=&#8221;off&#8221; _builder_version=&#8221;3.17.6&#8243; background_size=&#8221;initial&#8221; background_position=&#8221;top_left&#8221; background_repeat=&#8221;repeat&#8221;][et_pb_column type=&#8221;1_4&#8243; _builder_version=&#8221;3.0.47&#8243; column_padding_mobile=&#8221;on&#8221; parallax=&#8221;off&#8221; parallax_method=&#8221;off&#8221;][et_pb_image src=&#8221;http:\/\/skforum.at\/wp\/wp-content\/uploads\/2019\/01\/SKForum-A1-Logo.png&#8221; _builder_version=&#8221;3.17.6&#8243; max_width=&#8221;80%&#8221; module_alignment=&#8221;left&#8221;][\/et_pb_image][\/et_pb_column][et_pb_column type=&#8221;1_4&#8243; _builder_version=&#8221;3.0.47&#8243; column_padding_mobile=&#8221;on&#8221; parallax=&#8221;off&#8221; parallax_method=&#8221;off&#8221;][et_pb_text _builder_version=&#8221;3.17.6&#8243; text_font=&#8221;Source Sans Pro|on|||&#8221; text_text_color=&#8221;#f0830e&#8221; text_font_size=&#8221;18&#8243; text_line_height=&#8221;1.4em&#8221; background_size=&#8221;initial&#8221; background_position=&#8221;top_left&#8221; background_repeat=&#8221;repeat&#8221; custom_margin=&#8221;||8px|&#8221; use_border_color=&#8221;off&#8221; border_color=&#8221;#ffffff&#8221; border_style=&#8221;solid&#8221;]<\/p>\n<p>KO SMO MI?<\/p>\n<p>[\/et_pb_text][et_pb_text admin_label=&#8221;Section&#8221; _builder_version=&#8221;3.17.6&#8243; text_font=&#8221;Source Sans Pro||||&#8221; text_text_color=&#8221;#780b00&#8243; text_font_size=&#8221;18&#8243; text_line_height=&#8221;2.2em&#8221; background_size=&#8221;initial&#8221; background_position=&#8221;top_left&#8221; background_repeat=&#8221;repeat&#8221; custom_padding=&#8221;0px|||&#8221; use_border_color=&#8221;off&#8221; border_color=&#8221;#ffffff&#8221; border_style=&#8221;solid&#8221;]<\/p>\n<p><span style=\"color: #780b00;\"><a style=\"color: #780b00;\" href=\"http:\/\/skforum.at\/wp\/o-nama\/misija-i-vizija\/\">Misija I Vizija<\/a><\/span><br \/><span style=\"color: #780b00;\"><a style=\"color: #780b00;\" href=\"#\">Na\u0161e Aktivnosti<\/a><\/span><br \/><span style=\"color: #ffffff;\"><a style=\"color: #780b00;\" href=\"#\">Drugi o Nama<\/a><\/span><\/p>\n<p>[\/et_pb_text][\/et_pb_column][et_pb_column type=&#8221;1_4&#8243; _builder_version=&#8221;3.0.47&#8243; column_padding_mobile=&#8221;on&#8221; parallax=&#8221;off&#8221; parallax_method=&#8221;off&#8221;][et_pb_text _builder_version=&#8221;3.17.6&#8243; text_font=&#8221;Source Sans Pro|on|||&#8221; text_text_color=&#8221;#f0830e&#8221; text_font_size=&#8221;18&#8243; text_line_height=&#8221;1.4em&#8221; background_size=&#8221;initial&#8221; background_position=&#8221;top_left&#8221; background_repeat=&#8221;repeat&#8221; custom_margin=&#8221;||8px|&#8221; use_border_color=&#8221;off&#8221; border_color=&#8221;#ffffff&#8221; border_style=&#8221;solid&#8221;]<\/p>\n<p>POTREBNA VAM JE POMO\u0106?<\/p>\n<p>[\/et_pb_text][et_pb_text _builder_version=&#8221;3.17.6&#8243; text_font=&#8221;Source Sans Pro||||&#8221; text_text_color=&#8221;#ffffff&#8221; text_font_size=&#8221;18&#8243; text_line_height=&#8221;2.2em&#8221; header_font=&#8221;||||||||&#8221; header_text_color=&#8221;#ffffff&#8221; background_size=&#8221;initial&#8221; background_position=&#8221;top_left&#8221; background_repeat=&#8221;repeat&#8221; custom_padding=&#8221;0px|||&#8221; use_border_color=&#8221;off&#8221; border_color=&#8221;#ffffff&#8221; border_style=&#8221;solid&#8221;]<\/p>\n<p><span style=\"color: #780b00;\"><a style=\"color: #780b00;\" href=\"#\">Generalni Kontakt<\/a><\/span><br \/><a href=\"#\"><span style=\"color: #780b00;\">\u010clanovi Foruma<\/span><\/a><\/p>\n<p>[\/et_pb_text][\/et_pb_column][et_pb_column type=&#8221;1_4&#8243; _builder_version=&#8221;3.0.47&#8243; column_padding_mobile=&#8221;on&#8221; parallax=&#8221;off&#8221; parallax_method=&#8221;on&#8221;][et_pb_text _builder_version=&#8221;3.17.6&#8243; text_font=&#8221;Source Sans Pro|on|||&#8221; text_text_color=&#8221;#f0830e&#8221; text_font_size=&#8221;18&#8243; text_line_height=&#8221;1.4em&#8221; background_size=&#8221;initial&#8221; background_position=&#8221;top_left&#8221; background_repeat=&#8221;repeat&#8221; custom_margin=&#8221;||8px|&#8221; use_border_color=&#8221;off&#8221; border_color=&#8221;#ffffff&#8221; border_style=&#8221;solid&#8221;]<\/p>\n<p>PRATITE NAS<\/p>\n<p>[\/et_pb_text][et_pb_social_media_follow url_new_window=&#8221;off&#8221; _builder_version=&#8221;3.17.6&#8243; border_radii=&#8221;on|100%|100%|100%|100%&#8221; box_shadow_style=&#8221;preset3&#8243; text_orientation=&#8221;left&#8221; link_shape=&#8221;circle&#8221;][et_pb_social_media_follow_network social_network=&#8221;facebook&#8221; url=&#8221;https:\/\/www.facebook.com\/SKForum-Wien-159155500768268\/?ref=ts&#8221; _builder_version=&#8221;3.17.6&#8243; background_color=&#8221;#3b5998&#8243; bg_color=&#8221;#3b5998&#8243; link_shape=&#8221;circle&#8221; follow_button=&#8221;off&#8221; url_new_window=&#8221;off&#8221;]<\/p>\n<p>facebook<\/p>\n<p>[\/et_pb_social_media_follow_network][\/et_pb_social_media_follow][et_pb_button button_url=&#8221;http:\/\/skforum.at\/wp\/kontakt\/generalni-kontakt\/&#8221; button_text=&#8221;KONTAKTIRAJTE NAS!&#8221; button_alignment=&#8221;center&#8221; _builder_version=&#8221;3.17.6&#8243; custom_button=&#8221;on&#8221; button_text_size=&#8221;18&#8243; button_text_color=&#8221;#ffffff&#8221; button_bg_color=&#8221;#f0830e&#8221; button_border_width=&#8221;0px&#8221; button_border_color=&#8221;#2ea3f2&#8243; button_border_radius=&#8221;5px&#8221; button_font=&#8221;Source Sans Pro||||&#8221; button_icon=&#8221;%%20%%&#8221; button_icon_color=&#8221;#ffffff&#8221; box_shadow_style=&#8221;preset3&#8243; custom_css_main_element=&#8221;width:100%;||transition: all .2s&#8221; button_text_color_hover=&#8221;#ffffff&#8221; button_border_color_hover=&#8221;#d94b6a&#8221; button_border_radius_hover=&#8221;100&#8243; button_letter_spacing_hover=&#8221;0&#8243; button_bg_color_hover=&#8221;#d94b6a&#8221; locked=&#8221;off&#8221; button_text_size__hover_enabled=&#8221;off&#8221; button_one_text_size__hover_enabled=&#8221;off&#8221; button_two_text_size__hover_enabled=&#8221;off&#8221; button_text_color__hover_enabled=&#8221;on&#8221; button_text_color__hover=&#8221;#ffffff&#8221; button_one_text_color__hover_enabled=&#8221;off&#8221; button_two_text_color__hover_enabled=&#8221;off&#8221; button_border_width__hover_enabled=&#8221;off&#8221; button_one_border_width__hover_enabled=&#8221;off&#8221; button_two_border_width__hover_enabled=&#8221;off&#8221; button_border_color__hover_enabled=&#8221;on&#8221; button_border_color__hover=&#8221;rgba(46,163,242,0.85)&#8221; button_one_border_color__hover_enabled=&#8221;off&#8221; button_two_border_color__hover_enabled=&#8221;off&#8221; button_border_radius__hover_enabled=&#8221;on&#8221; button_border_radius__hover=&#8221;5px&#8221; button_one_border_radius__hover_enabled=&#8221;off&#8221; button_two_border_radius__hover_enabled=&#8221;off&#8221; button_letter_spacing__hover_enabled=&#8221;on&#8221; button_letter_spacing__hover=&#8221;0&#8243; button_one_letter_spacing__hover_enabled=&#8221;off&#8221; button_two_letter_spacing__hover_enabled=&#8221;off&#8221; button_bg_color__hover_enabled=&#8221;on&#8221; button_bg_color__hover=&#8221;rgba(240,131,14,0.6)&#8221; button_one_bg_color__hover_enabled=&#8221;off&#8221; button_two_bg_color__hover_enabled=&#8221;off&#8221;][\/et_pb_button][\/et_pb_column][\/et_pb_row][\/et_pb_section]<\/p>\n","protected":false},"excerpt":{"rendered":"<p>Svetska muzika, postmoderna, kabare, crossover ili etno trend dana\u0161njice, samo su \u0161iri kontekst u kojem se kre\u0107e muzi\u010dki izraz Frame Orchestra. Specifi\u010dnost njihovog muzi\u010dkog izraza je doprinela nastupima na mnogim [&hellip;]<\/p>\n","protected":false},"author":1,"featured_media":12640,"comment_status":"open","ping_status":"open","sticky":false,"template":"","format":"standard","meta":{"_et_pb_use_builder":"on","_et_pb_old_content":"","_et_gb_content_width":"","footnotes":"","_links_to":"","_links_to_target":""},"categories":[130],"tags":[],"class_list":["post-12638","post","type-post","status-publish","format-standard","has-post-thumbnail","hentry","category-najave-manifestacija"],"yoast_head":"<!-- This site is optimized with the Yoast SEO plugin v27.4 - https:\/\/yoast.com\/product\/yoast-seo-wordpress\/ -->\n<title>Koncert Lazar Novkov &amp; FRAME ORCHESTRA12. decembar 2013. Kulturhaus SARGFABRIK | SKForum<\/title>\n<meta name=\"robots\" content=\"index, follow, max-snippet:-1, max-image-preview:large, max-video-preview:-1\" \/>\n<link rel=\"canonical\" href=\"https:\/\/skforum.at\/wp\/koncert-lazar-novkov-frame-orchestra-12-decembar-2013-kulturhaus-sargfabrik\/\" \/>\n<meta property=\"og:locale\" content=\"en_US\" \/>\n<meta property=\"og:type\" content=\"article\" \/>\n<meta property=\"og:title\" content=\"Koncert Lazar Novkov &amp; FRAME ORCHESTRA12. decembar 2013. Kulturhaus SARGFABRIK | SKForum\" \/>\n<meta property=\"og:description\" content=\"Svetska muzika, postmoderna, kabare, crossover ili etno trend dana\u0161njice, samo su \u0161iri kontekst u kojem se kre\u0107e muzi\u010dki izraz Frame Orchestra. Specifi\u010dnost njihovog muzi\u010dkog izraza je doprinela nastupima na mnogim [&hellip;]\" \/>\n<meta property=\"og:url\" content=\"https:\/\/skforum.at\/wp\/koncert-lazar-novkov-frame-orchestra-12-decembar-2013-kulturhaus-sargfabrik\/\" \/>\n<meta property=\"og:site_name\" content=\"SKForum\" \/>\n<meta property=\"article:publisher\" content=\"https:\/\/www.facebook.com\/SKForum-159155500768268\/?ref=ts\" \/>\n<meta property=\"article:published_time\" content=\"2013-12-12T15:36:50+00:00\" \/>\n<meta property=\"article:modified_time\" content=\"2019-02-06T12:00:21+00:00\" \/>\n<meta property=\"og:image\" content=\"https:\/\/skforum.at\/wp\/wp-content\/uploads\/2018\/12\/mala_slika_Lazar_Novkov.jpg\" \/>\n\t<meta property=\"og:image:width\" content=\"340\" \/>\n\t<meta property=\"og:image:height\" content=\"230\" \/>\n\t<meta property=\"og:image:type\" content=\"image\/jpeg\" \/>\n<meta name=\"author\" content=\"SKForum\" \/>\n<meta name=\"twitter:card\" content=\"summary_large_image\" \/>\n<meta name=\"twitter:label1\" content=\"Written by\" \/>\n\t<meta name=\"twitter:data1\" content=\"SKForum\" \/>\n\t<meta name=\"twitter:label2\" content=\"Est. reading time\" \/>\n\t<meta name=\"twitter:data2\" content=\"10 minutes\" \/>\n<script type=\"application\/ld+json\" class=\"yoast-schema-graph\">{\"@context\":\"https:\\\/\\\/schema.org\",\"@graph\":[{\"@type\":\"Article\",\"@id\":\"https:\\\/\\\/skforum.at\\\/wp\\\/koncert-lazar-novkov-frame-orchestra-12-decembar-2013-kulturhaus-sargfabrik\\\/#article\",\"isPartOf\":{\"@id\":\"https:\\\/\\\/skforum.at\\\/wp\\\/koncert-lazar-novkov-frame-orchestra-12-decembar-2013-kulturhaus-sargfabrik\\\/\"},\"author\":{\"name\":\"SKForum\",\"@id\":\"https:\\\/\\\/skforum.at\\\/wp\\\/#\\\/schema\\\/person\\\/e804f03c42651cfbb24377df266c5198\"},\"headline\":\"Koncert Lazar Novkov &#038; FRAME ORCHESTRA 12. decembar 2013. Kulturhaus SARGFABRIK\",\"datePublished\":\"2013-12-12T15:36:50+00:00\",\"dateModified\":\"2019-02-06T12:00:21+00:00\",\"mainEntityOfPage\":{\"@id\":\"https:\\\/\\\/skforum.at\\\/wp\\\/koncert-lazar-novkov-frame-orchestra-12-decembar-2013-kulturhaus-sargfabrik\\\/\"},\"wordCount\":1913,\"commentCount\":0,\"publisher\":{\"@id\":\"https:\\\/\\\/skforum.at\\\/wp\\\/#organization\"},\"image\":{\"@id\":\"https:\\\/\\\/skforum.at\\\/wp\\\/koncert-lazar-novkov-frame-orchestra-12-decembar-2013-kulturhaus-sargfabrik\\\/#primaryimage\"},\"thumbnailUrl\":\"https:\\\/\\\/skforum.at\\\/wp\\\/wp-content\\\/uploads\\\/2018\\\/12\\\/mala_slika_Lazar_Novkov.jpg\",\"articleSection\":[\"NAJAVE MANIFESTACIJA\"],\"inLanguage\":\"en-US\"},{\"@type\":\"WebPage\",\"@id\":\"https:\\\/\\\/skforum.at\\\/wp\\\/koncert-lazar-novkov-frame-orchestra-12-decembar-2013-kulturhaus-sargfabrik\\\/\",\"url\":\"https:\\\/\\\/skforum.at\\\/wp\\\/koncert-lazar-novkov-frame-orchestra-12-decembar-2013-kulturhaus-sargfabrik\\\/\",\"name\":\"Koncert Lazar Novkov & FRAME ORCHESTRA 12. decembar 2013. Kulturhaus SARGFABRIK | SKForum\",\"isPartOf\":{\"@id\":\"https:\\\/\\\/skforum.at\\\/wp\\\/#website\"},\"primaryImageOfPage\":{\"@id\":\"https:\\\/\\\/skforum.at\\\/wp\\\/koncert-lazar-novkov-frame-orchestra-12-decembar-2013-kulturhaus-sargfabrik\\\/#primaryimage\"},\"image\":{\"@id\":\"https:\\\/\\\/skforum.at\\\/wp\\\/koncert-lazar-novkov-frame-orchestra-12-decembar-2013-kulturhaus-sargfabrik\\\/#primaryimage\"},\"thumbnailUrl\":\"https:\\\/\\\/skforum.at\\\/wp\\\/wp-content\\\/uploads\\\/2018\\\/12\\\/mala_slika_Lazar_Novkov.jpg\",\"datePublished\":\"2013-12-12T15:36:50+00:00\",\"dateModified\":\"2019-02-06T12:00:21+00:00\",\"breadcrumb\":{\"@id\":\"https:\\\/\\\/skforum.at\\\/wp\\\/koncert-lazar-novkov-frame-orchestra-12-decembar-2013-kulturhaus-sargfabrik\\\/#breadcrumb\"},\"inLanguage\":\"en-US\",\"potentialAction\":[{\"@type\":\"ReadAction\",\"target\":[\"https:\\\/\\\/skforum.at\\\/wp\\\/koncert-lazar-novkov-frame-orchestra-12-decembar-2013-kulturhaus-sargfabrik\\\/\"]}]},{\"@type\":\"ImageObject\",\"inLanguage\":\"en-US\",\"@id\":\"https:\\\/\\\/skforum.at\\\/wp\\\/koncert-lazar-novkov-frame-orchestra-12-decembar-2013-kulturhaus-sargfabrik\\\/#primaryimage\",\"url\":\"https:\\\/\\\/skforum.at\\\/wp\\\/wp-content\\\/uploads\\\/2018\\\/12\\\/mala_slika_Lazar_Novkov.jpg\",\"contentUrl\":\"https:\\\/\\\/skforum.at\\\/wp\\\/wp-content\\\/uploads\\\/2018\\\/12\\\/mala_slika_Lazar_Novkov.jpg\",\"width\":340,\"height\":230},{\"@type\":\"BreadcrumbList\",\"@id\":\"https:\\\/\\\/skforum.at\\\/wp\\\/koncert-lazar-novkov-frame-orchestra-12-decembar-2013-kulturhaus-sargfabrik\\\/#breadcrumb\",\"itemListElement\":[{\"@type\":\"ListItem\",\"position\":1,\"name\":\"Home\",\"item\":\"https:\\\/\\\/skforum.at\\\/wp\\\/\"},{\"@type\":\"ListItem\",\"position\":2,\"name\":\"Koncert Lazar Novkov &#038; FRAME ORCHESTRA12. decembar 2013. Kulturhaus SARGFABRIK\"}]},{\"@type\":\"WebSite\",\"@id\":\"https:\\\/\\\/skforum.at\\\/wp\\\/#website\",\"url\":\"https:\\\/\\\/skforum.at\\\/wp\\\/\",\"name\":\"SKForum\",\"description\":\"SKForum\",\"publisher\":{\"@id\":\"https:\\\/\\\/skforum.at\\\/wp\\\/#organization\"},\"potentialAction\":[{\"@type\":\"SearchAction\",\"target\":{\"@type\":\"EntryPoint\",\"urlTemplate\":\"https:\\\/\\\/skforum.at\\\/wp\\\/?s={search_term_string}\"},\"query-input\":{\"@type\":\"PropertyValueSpecification\",\"valueRequired\":true,\"valueName\":\"search_term_string\"}}],\"inLanguage\":\"en-US\"},{\"@type\":\"Organization\",\"@id\":\"https:\\\/\\\/skforum.at\\\/wp\\\/#organization\",\"name\":\"SKForum\",\"url\":\"https:\\\/\\\/skforum.at\\\/wp\\\/\",\"logo\":{\"@type\":\"ImageObject\",\"inLanguage\":\"en-US\",\"@id\":\"https:\\\/\\\/skforum.at\\\/wp\\\/#\\\/schema\\\/logo\\\/image\\\/\",\"url\":\"https:\\\/\\\/skforum.at\\\/wp\\\/wp-content\\\/uploads\\\/2019\\\/01\\\/SKForum-A1-Logo_manji.png\",\"contentUrl\":\"https:\\\/\\\/skforum.at\\\/wp\\\/wp-content\\\/uploads\\\/2019\\\/01\\\/SKForum-A1-Logo_manji.png\",\"width\":333,\"height\":285,\"caption\":\"SKForum\"},\"image\":{\"@id\":\"https:\\\/\\\/skforum.at\\\/wp\\\/#\\\/schema\\\/logo\\\/image\\\/\"},\"sameAs\":[\"https:\\\/\\\/www.facebook.com\\\/SKForum-159155500768268\\\/?ref=ts\",\"https:\\\/\\\/www.instagram.com\\\/skforum_vienna\\\/\"]},{\"@type\":\"Person\",\"@id\":\"https:\\\/\\\/skforum.at\\\/wp\\\/#\\\/schema\\\/person\\\/e804f03c42651cfbb24377df266c5198\",\"name\":\"SKForum\",\"image\":{\"@type\":\"ImageObject\",\"inLanguage\":\"en-US\",\"@id\":\"https:\\\/\\\/secure.gravatar.com\\\/avatar\\\/f58a82b11cc153f8f112a5db3d48724acf7a98d8a72cb785af5ae518d3f49629?s=96&d=mm&r=g\",\"url\":\"https:\\\/\\\/secure.gravatar.com\\\/avatar\\\/f58a82b11cc153f8f112a5db3d48724acf7a98d8a72cb785af5ae518d3f49629?s=96&d=mm&r=g\",\"contentUrl\":\"https:\\\/\\\/secure.gravatar.com\\\/avatar\\\/f58a82b11cc153f8f112a5db3d48724acf7a98d8a72cb785af5ae518d3f49629?s=96&d=mm&r=g\",\"caption\":\"SKForum\"}}]}<\/script>\n<!-- \/ Yoast SEO plugin. -->","yoast_head_json":{"title":"Koncert Lazar Novkov & FRAME ORCHESTRA12. decembar 2013. Kulturhaus SARGFABRIK | SKForum","robots":{"index":"index","follow":"follow","max-snippet":"max-snippet:-1","max-image-preview":"max-image-preview:large","max-video-preview":"max-video-preview:-1"},"canonical":"https:\/\/skforum.at\/wp\/koncert-lazar-novkov-frame-orchestra-12-decembar-2013-kulturhaus-sargfabrik\/","og_locale":"en_US","og_type":"article","og_title":"Koncert Lazar Novkov & FRAME ORCHESTRA12. decembar 2013. Kulturhaus SARGFABRIK | SKForum","og_description":"Svetska muzika, postmoderna, kabare, crossover ili etno trend dana\u0161njice, samo su \u0161iri kontekst u kojem se kre\u0107e muzi\u010dki izraz Frame Orchestra. Specifi\u010dnost njihovog muzi\u010dkog izraza je doprinela nastupima na mnogim [&hellip;]","og_url":"https:\/\/skforum.at\/wp\/koncert-lazar-novkov-frame-orchestra-12-decembar-2013-kulturhaus-sargfabrik\/","og_site_name":"SKForum","article_publisher":"https:\/\/www.facebook.com\/SKForum-159155500768268\/?ref=ts","article_published_time":"2013-12-12T15:36:50+00:00","article_modified_time":"2019-02-06T12:00:21+00:00","og_image":[{"width":340,"height":230,"url":"https:\/\/skforum.at\/wp\/wp-content\/uploads\/2018\/12\/mala_slika_Lazar_Novkov.jpg","type":"image\/jpeg"}],"author":"SKForum","twitter_card":"summary_large_image","twitter_misc":{"Written by":"SKForum","Est. reading time":"10 minutes"},"schema":{"@context":"https:\/\/schema.org","@graph":[{"@type":"Article","@id":"https:\/\/skforum.at\/wp\/koncert-lazar-novkov-frame-orchestra-12-decembar-2013-kulturhaus-sargfabrik\/#article","isPartOf":{"@id":"https:\/\/skforum.at\/wp\/koncert-lazar-novkov-frame-orchestra-12-decembar-2013-kulturhaus-sargfabrik\/"},"author":{"name":"SKForum","@id":"https:\/\/skforum.at\/wp\/#\/schema\/person\/e804f03c42651cfbb24377df266c5198"},"headline":"Koncert Lazar Novkov &#038; FRAME ORCHESTRA 12. decembar 2013. Kulturhaus SARGFABRIK","datePublished":"2013-12-12T15:36:50+00:00","dateModified":"2019-02-06T12:00:21+00:00","mainEntityOfPage":{"@id":"https:\/\/skforum.at\/wp\/koncert-lazar-novkov-frame-orchestra-12-decembar-2013-kulturhaus-sargfabrik\/"},"wordCount":1913,"commentCount":0,"publisher":{"@id":"https:\/\/skforum.at\/wp\/#organization"},"image":{"@id":"https:\/\/skforum.at\/wp\/koncert-lazar-novkov-frame-orchestra-12-decembar-2013-kulturhaus-sargfabrik\/#primaryimage"},"thumbnailUrl":"https:\/\/skforum.at\/wp\/wp-content\/uploads\/2018\/12\/mala_slika_Lazar_Novkov.jpg","articleSection":["NAJAVE MANIFESTACIJA"],"inLanguage":"en-US"},{"@type":"WebPage","@id":"https:\/\/skforum.at\/wp\/koncert-lazar-novkov-frame-orchestra-12-decembar-2013-kulturhaus-sargfabrik\/","url":"https:\/\/skforum.at\/wp\/koncert-lazar-novkov-frame-orchestra-12-decembar-2013-kulturhaus-sargfabrik\/","name":"Koncert Lazar Novkov & FRAME ORCHESTRA 12. decembar 2013. Kulturhaus SARGFABRIK | SKForum","isPartOf":{"@id":"https:\/\/skforum.at\/wp\/#website"},"primaryImageOfPage":{"@id":"https:\/\/skforum.at\/wp\/koncert-lazar-novkov-frame-orchestra-12-decembar-2013-kulturhaus-sargfabrik\/#primaryimage"},"image":{"@id":"https:\/\/skforum.at\/wp\/koncert-lazar-novkov-frame-orchestra-12-decembar-2013-kulturhaus-sargfabrik\/#primaryimage"},"thumbnailUrl":"https:\/\/skforum.at\/wp\/wp-content\/uploads\/2018\/12\/mala_slika_Lazar_Novkov.jpg","datePublished":"2013-12-12T15:36:50+00:00","dateModified":"2019-02-06T12:00:21+00:00","breadcrumb":{"@id":"https:\/\/skforum.at\/wp\/koncert-lazar-novkov-frame-orchestra-12-decembar-2013-kulturhaus-sargfabrik\/#breadcrumb"},"inLanguage":"en-US","potentialAction":[{"@type":"ReadAction","target":["https:\/\/skforum.at\/wp\/koncert-lazar-novkov-frame-orchestra-12-decembar-2013-kulturhaus-sargfabrik\/"]}]},{"@type":"ImageObject","inLanguage":"en-US","@id":"https:\/\/skforum.at\/wp\/koncert-lazar-novkov-frame-orchestra-12-decembar-2013-kulturhaus-sargfabrik\/#primaryimage","url":"https:\/\/skforum.at\/wp\/wp-content\/uploads\/2018\/12\/mala_slika_Lazar_Novkov.jpg","contentUrl":"https:\/\/skforum.at\/wp\/wp-content\/uploads\/2018\/12\/mala_slika_Lazar_Novkov.jpg","width":340,"height":230},{"@type":"BreadcrumbList","@id":"https:\/\/skforum.at\/wp\/koncert-lazar-novkov-frame-orchestra-12-decembar-2013-kulturhaus-sargfabrik\/#breadcrumb","itemListElement":[{"@type":"ListItem","position":1,"name":"Home","item":"https:\/\/skforum.at\/wp\/"},{"@type":"ListItem","position":2,"name":"Koncert Lazar Novkov &#038; FRAME ORCHESTRA12. decembar 2013. Kulturhaus SARGFABRIK"}]},{"@type":"WebSite","@id":"https:\/\/skforum.at\/wp\/#website","url":"https:\/\/skforum.at\/wp\/","name":"SKForum","description":"SKForum","publisher":{"@id":"https:\/\/skforum.at\/wp\/#organization"},"potentialAction":[{"@type":"SearchAction","target":{"@type":"EntryPoint","urlTemplate":"https:\/\/skforum.at\/wp\/?s={search_term_string}"},"query-input":{"@type":"PropertyValueSpecification","valueRequired":true,"valueName":"search_term_string"}}],"inLanguage":"en-US"},{"@type":"Organization","@id":"https:\/\/skforum.at\/wp\/#organization","name":"SKForum","url":"https:\/\/skforum.at\/wp\/","logo":{"@type":"ImageObject","inLanguage":"en-US","@id":"https:\/\/skforum.at\/wp\/#\/schema\/logo\/image\/","url":"https:\/\/skforum.at\/wp\/wp-content\/uploads\/2019\/01\/SKForum-A1-Logo_manji.png","contentUrl":"https:\/\/skforum.at\/wp\/wp-content\/uploads\/2019\/01\/SKForum-A1-Logo_manji.png","width":333,"height":285,"caption":"SKForum"},"image":{"@id":"https:\/\/skforum.at\/wp\/#\/schema\/logo\/image\/"},"sameAs":["https:\/\/www.facebook.com\/SKForum-159155500768268\/?ref=ts","https:\/\/www.instagram.com\/skforum_vienna\/"]},{"@type":"Person","@id":"https:\/\/skforum.at\/wp\/#\/schema\/person\/e804f03c42651cfbb24377df266c5198","name":"SKForum","image":{"@type":"ImageObject","inLanguage":"en-US","@id":"https:\/\/secure.gravatar.com\/avatar\/f58a82b11cc153f8f112a5db3d48724acf7a98d8a72cb785af5ae518d3f49629?s=96&d=mm&r=g","url":"https:\/\/secure.gravatar.com\/avatar\/f58a82b11cc153f8f112a5db3d48724acf7a98d8a72cb785af5ae518d3f49629?s=96&d=mm&r=g","contentUrl":"https:\/\/secure.gravatar.com\/avatar\/f58a82b11cc153f8f112a5db3d48724acf7a98d8a72cb785af5ae518d3f49629?s=96&d=mm&r=g","caption":"SKForum"}}]}},"_links":{"self":[{"href":"https:\/\/skforum.at\/wp\/wp-json\/wp\/v2\/posts\/12638","targetHints":{"allow":["GET"]}}],"collection":[{"href":"https:\/\/skforum.at\/wp\/wp-json\/wp\/v2\/posts"}],"about":[{"href":"https:\/\/skforum.at\/wp\/wp-json\/wp\/v2\/types\/post"}],"author":[{"embeddable":true,"href":"https:\/\/skforum.at\/wp\/wp-json\/wp\/v2\/users\/1"}],"replies":[{"embeddable":true,"href":"https:\/\/skforum.at\/wp\/wp-json\/wp\/v2\/comments?post=12638"}],"version-history":[{"count":7,"href":"https:\/\/skforum.at\/wp\/wp-json\/wp\/v2\/posts\/12638\/revisions"}],"predecessor-version":[{"id":19677,"href":"https:\/\/skforum.at\/wp\/wp-json\/wp\/v2\/posts\/12638\/revisions\/19677"}],"wp:featuredmedia":[{"embeddable":true,"href":"https:\/\/skforum.at\/wp\/wp-json\/wp\/v2\/media\/12640"}],"wp:attachment":[{"href":"https:\/\/skforum.at\/wp\/wp-json\/wp\/v2\/media?parent=12638"}],"wp:term":[{"taxonomy":"category","embeddable":true,"href":"https:\/\/skforum.at\/wp\/wp-json\/wp\/v2\/categories?post=12638"},{"taxonomy":"post_tag","embeddable":true,"href":"https:\/\/skforum.at\/wp\/wp-json\/wp\/v2\/tags?post=12638"}],"curies":[{"name":"wp","href":"https:\/\/api.w.org\/{rel}","templated":true}]}}