{"id":15543,"date":"2010-09-08T11:53:59","date_gmt":"2010-09-08T11:53:59","guid":{"rendered":"http:\/\/skforum.at\/wp\/?p=15543"},"modified":"2019-02-01T13:13:05","modified_gmt":"2019-02-01T13:13:05","slug":"bec-i-beograd-blizi-nego-ikada","status":"publish","type":"post","link":"http:\/\/skforum.at\/wp\/bec-i-beograd-blizi-nego-ikada\/","title":{"rendered":"Be\u010d i Beograd bli\u017ei nego ikada"},"content":{"rendered":"<p>[et_pb_section fb_built=&#8221;1&#8243; fullwidth=&#8221;on&#8221; admin_label=&#8221;Hero Section&#8221; _builder_version=&#8221;3.0.83&#8243;][et_pb_fullwidth_header title=&#8221;Be\u010d i Beograd bli\u017ei nego ikada&#8221; text_orientation=&#8221;center&#8221; header_fullscreen=&#8221;on&#8221; header_scroll_down=&#8221;on&#8221; scroll_down_icon=&#8221;%%2%%&#8221; scroll_down_icon_color=&#8221;#ffffff&#8221; background_overlay_color=&#8221;rgba(0,0,0,0.5)&#8221; title_font_color=&#8221;#ffffff&#8221; subhead_font_color=&#8221;#ffffff&#8221; scroll_down_icon_size_phone=&#8221;0px&#8221; scroll_down_icon_size_last_edited=&#8221;on|phone&#8221; disabled_on=&#8221;on|off|off&#8221; _builder_version=&#8221;3.17.6&#8243; title_font=&#8221;Nunito||||||||&#8221; title_text_color=&#8221;#ffffff&#8221; title_font_size=&#8221;45px&#8221; title_font_size_phone=&#8221;48px&#8221; title_font_size_last_edited=&#8221;on|phone&#8221; title_text_shadow_style=&#8221;preset5&#8243; subhead_font=&#8221;Open Sans||||||||&#8221; subhead_text_color=&#8221;#ffffff&#8221; subhead_font_size=&#8221;24px&#8221; subhead_font_size_phone=&#8221;15px&#8221; subhead_font_size_last_edited=&#8221;on|phone&#8221; subhead_line_height=&#8221;1.6em&#8221; background_color=&#8221;rgba(0,0,0,0.75)&#8221; background_image=&#8221;http:\/\/skforum.at\/wp\/wp-content\/uploads\/2019\/01\/BB1b.jpg&#8221; background_size=&#8221;contain&#8221; custom_button_one=&#8221;on&#8221; button_one_text_size=&#8221;14px&#8221; button_one_text_color=&#8221;#ffffff&#8221; button_one_bg_color=&#8221;#0099e5&#8243; button_one_border_width=&#8221;12px&#8221; button_one_border_color=&#8221;#0099e5&#8243; button_one_border_radius=&#8221;0px&#8221; button_one_letter_spacing=&#8221;2px&#8221; button_one_font=&#8221;Nunito|700||on|||||&#8221; button_one_use_icon=&#8221;off&#8221; background_layout=&#8221;light&#8221; animation_style=&#8221;fade&#8221; button_one_text_color_hover=&#8221;#ffffff&#8221; button_one_border_color_hover=&#8221;#0099e5&#8243; button_one_border_radius_hover=&#8221;0px&#8221; button_one_letter_spacing_hover=&#8221;2px&#8221; button_one_bg_color_hover=&#8221;#0099e5&#8243; button_one_text_size__hover_enabled=&#8221;off&#8221; button_two_text_size__hover_enabled=&#8221;off&#8221; button_one_text_color__hover_enabled=&#8221;on&#8221; button_one_text_color__hover=&#8221;#ffffff&#8221; button_two_text_color__hover_enabled=&#8221;off&#8221; button_one_border_width__hover_enabled=&#8221;off&#8221; button_two_border_width__hover_enabled=&#8221;off&#8221; button_one_border_color__hover_enabled=&#8221;on&#8221; button_one_border_color__hover=&#8221;#0099e5&#8243; button_two_border_color__hover_enabled=&#8221;off&#8221; button_one_border_radius__hover_enabled=&#8221;on&#8221; button_one_border_radius__hover=&#8221;0px&#8221; button_two_border_radius__hover_enabled=&#8221;off&#8221; button_one_letter_spacing__hover_enabled=&#8221;on&#8221; button_one_letter_spacing__hover=&#8221;2px&#8221; button_two_letter_spacing__hover_enabled=&#8221;off&#8221; button_one_bg_color__hover_enabled=&#8221;on&#8221; button_one_bg_color__hover=&#8221;#0099e5&#8243; button_two_bg_color__hover_enabled=&#8221;off&#8221;][\/et_pb_fullwidth_header][et_pb_fullwidth_header title=&#8221;Be\u010d i Beograd bli\u017ei nego ikada&#8221; text_orientation=&#8221;center&#8221; header_scroll_down=&#8221;on&#8221; scroll_down_icon=&#8221;%%2%%&#8221; scroll_down_icon_color=&#8221;#ffffff&#8221; background_overlay_color=&#8221;rgba(0,0,0,0.5)&#8221; title_font_color=&#8221;#ffffff&#8221; subhead_font_color=&#8221;#ffffff&#8221; scroll_down_icon_size_phone=&#8221;0px&#8221; scroll_down_icon_size_last_edited=&#8221;on|phone&#8221; disabled_on=&#8221;off|on|on&#8221; _builder_version=&#8221;3.17.6&#8243; title_font=&#8221;Nunito||||||||&#8221; title_text_color=&#8221;#ffffff&#8221; title_font_size=&#8221;80px&#8221; title_font_size_phone=&#8221;30px&#8221; title_font_size_last_edited=&#8221;on|phone&#8221; title_text_shadow_style=&#8221;preset5&#8243; subhead_font=&#8221;Open Sans||||||||&#8221; subhead_text_color=&#8221;#ffffff&#8221; subhead_font_size=&#8221;24px&#8221; subhead_font_size_phone=&#8221;15px&#8221; subhead_font_size_last_edited=&#8221;on|phone&#8221; subhead_line_height=&#8221;1.6em&#8221; background_color=&#8221;rgba(0,0,0,0.75)&#8221; background_image=&#8221;http:\/\/skforum.at\/wp\/wp-content\/uploads\/2019\/01\/BB1b.jpg&#8221; background_size=&#8221;contain&#8221; custom_button_one=&#8221;on&#8221; button_one_text_size=&#8221;14px&#8221; button_one_text_color=&#8221;#ffffff&#8221; button_one_bg_color=&#8221;#0099e5&#8243; button_one_border_width=&#8221;12px&#8221; button_one_border_color=&#8221;#0099e5&#8243; button_one_border_radius=&#8221;0px&#8221; button_one_letter_spacing=&#8221;2px&#8221; button_one_font=&#8221;Nunito|700||on|||||&#8221; button_one_use_icon=&#8221;off&#8221; background_layout=&#8221;light&#8221; custom_margin=&#8221;81px||&#8221; custom_padding=&#8221;||||true&#8221; animation_style=&#8221;fade&#8221; custom_css_main_element=&#8221;padding-top: 50px !important;&#8221; custom_css_scroll_button=&#8221;display: none;&#8221; button_one_text_color_hover=&#8221;#ffffff&#8221; button_one_border_color_hover=&#8221;#0099e5&#8243; button_one_border_radius_hover=&#8221;0px&#8221; button_one_letter_spacing_hover=&#8221;2px&#8221; button_one_bg_color_hover=&#8221;#0099e5&#8243; button_one_text_size__hover_enabled=&#8221;off&#8221; button_two_text_size__hover_enabled=&#8221;off&#8221; button_one_text_color__hover_enabled=&#8221;on&#8221; button_one_text_color__hover=&#8221;#ffffff&#8221; button_two_text_color__hover_enabled=&#8221;off&#8221; button_one_border_width__hover_enabled=&#8221;off&#8221; button_two_border_width__hover_enabled=&#8221;off&#8221; button_one_border_color__hover_enabled=&#8221;on&#8221; button_one_border_color__hover=&#8221;#0099e5&#8243; button_two_border_color__hover_enabled=&#8221;off&#8221; button_one_border_radius__hover_enabled=&#8221;on&#8221; button_one_border_radius__hover=&#8221;0px&#8221; button_two_border_radius__hover_enabled=&#8221;off&#8221; button_one_letter_spacing__hover_enabled=&#8221;on&#8221; button_one_letter_spacing__hover=&#8221;2px&#8221; button_two_letter_spacing__hover_enabled=&#8221;off&#8221; button_one_bg_color__hover_enabled=&#8221;on&#8221; button_one_bg_color__hover=&#8221;#0099e5&#8243; button_two_bg_color__hover_enabled=&#8221;off&#8221;][\/et_pb_fullwidth_header][\/et_pb_section][et_pb_section fb_built=&#8221;1&#8243; _builder_version=&#8221;3.11.1&#8243; background_color=&#8221;#f7f7f7&#8243; custom_padding=&#8221;50px|2px|50px|0px|false|false&#8221;][et_pb_row use_custom_width=&#8221;on&#8221; custom_padding=&#8221;9px||9px||true|false&#8221; custom_padding_phone=&#8221;||0px|&#8221; custom_padding_last_edited=&#8221;off|desktop&#8221; background_color_1=&#8221;#ffffff&#8221; _builder_version=&#8221;3.17.6&#8243; border_radii=&#8221;on|12px|12px|12px|12px&#8221; custom_css_main_element=&#8221;width: 100% !important;&#8221;][et_pb_column type=&#8221;4_4&#8243; _builder_version=&#8221;3.0.47&#8243; background_color=&#8221;#ffffff&#8221; parallax=&#8221;off&#8221; parallax_method=&#8221;on&#8221;][et_pb_text module_class=&#8221;drop-caps&#8221; _builder_version=&#8221;3.17.6&#8243; text_text_color=&#8221;#000000&#8243; text_font_size=&#8221;15px&#8221; text_font_size_phone=&#8221;13px&#8221; text_font_size_last_edited=&#8221;on|phone&#8221; max_width=&#8221;85%&#8221; max_width_last_edited=&#8221;on|desktop&#8221; module_alignment=&#8221;center&#8221; custom_margin=&#8221;40px||40px||true&#8221; custom_padding_tablet=&#8221;|20px||20px||true&#8221; custom_padding_phone=&#8221;|15px||15px||true&#8221; custom_padding_last_edited=&#8221;on|phone&#8221; text_orientation=&#8221;justified&#8221; text_font=&#8221;||||||||&#8221;]Paralelne manifestacije odr\u017eane u dva glavna grada<\/p>\n<p>U sve\u010danoj sali be\u010dke Ve\u0107nice u sredu uve\u010de odr\u017ean je prijem &#8220;Beograd u Be\u010du&#8221;, dok je istovremeno u glavnom gradu Srbije tekla manifestacija &#8220;Dani Be\u010da u Beogradu&#8221;.<\/p>\n<p>U organizaciji Ambasade Srbije u Austriji, vlasti grada Be\u010da vi\u0161e stotina Srba se okupilo na prijemu, koji je direktnim uklju\u010denjem, u dva navrata, bio povezan sa manifestacijom koja je odr\u017eana u Beogradu.<\/p>\n<p>\u010clan vlade Be\u010da zadu\u017een za saobra\u0107aj i planiranje Rudi \u0160iker istakao je ovim povodom da su Beograd i Be\u010d dva vrlo bliska grada koja povezuje Dunav.On je dalje naglasio da ekonomske aktivnosti dodatno spajaju ova dva grada i vode ih do zajedni\u010dke Evrope.<\/p>\n<p>Ambasador Srbije u Austriji Milovan Bo\u017einovi\u0107 je rekao da se u Beogradu Be\u010d predstavlja \u010ditave nedelje i da je \u017eelja bila da se i u Be\u010du odr\u017ei neka manifestacija tim povodom.On je ukazao da dve evropske metropole ve\u017ee Dunav, ali i zajedni\u010dka istorija.Bo\u017einovi\u0107 je naglasio da dva grada ve\u017ee i brojna srpska dijaspora koja \u017eivi u Be\u010du.Prema njegovim re\u010dima, Srbi su sastavni deo Be\u010da i daju veliki doprinos ovom gradu.<\/p>\n<p>U dva navrata prijemi u Be\u010du i Beogradu bili su povezan video-linkom, tako da su gosti obe manifestacije mogli da osete deo atmosfere manifestacije u drugom gradu.<\/p>\n<p>Predsednik Skup\u0161tine Beograda Aleksandar Anti\u0107 je kazao da dve prestonice mnogo toga povezuje, i naglasio da je Be\u010d bio inspiracija urbanistima, ljudima koji su se bavili istorijsko kulturnim-nasle\u0111em, obrazovanjem i drugim oblastima na\u0161eg \u017eivota.<\/p>\n<p>Zamenica gradona\u010delnika Be\u010da Renata Brauner je kazala da su izazovi gradova u svetu sli\u010dni, &#8220;u kojima se pitamo kako bolje urediti \u017eivot, transportne i saobra\u0107ajne mogu\u0107nosti, pri \u010demu nas povezuje \u010dinjenica da u Be\u010du \u017eivi dosta ljudi poreklom iz Srbije&#8221;.<\/p>\n<p>Ve\u010de je upotpunio koncert Hora be\u010dkih de\u010daka, koji su u Beogradu nastupili prvi put posle 35 godina. Njihovo izvo\u0111enje je izazvalo ovacije, a specijalno za Beograd su otpevali &#8220;Pesmu o drugarstvu&#8221; na srpskom jeziku.[\/et_pb_text][et_pb_gallery gallery_ids=&#8221;15544,15545,15546&#8243; fullwidth=&#8221;on&#8221; hover_icon=&#8221;%%32%%&#8221; module_id=&#8221;kvatet-nevski&#8221; _builder_version=&#8221;3.17.6&#8243; custom_margin=&#8221;|15px|15px|15px||true&#8221;][\/et_pb_gallery][et_pb_button button_url=&#8221;\/project\/bec-i-beograd-blizi-nego-ikada-08-09-2010\/&#8221; button_text=&#8221;Pogledajte Galeriju Slika&#8221; button_alignment=&#8221;center&#8221; _builder_version=&#8221;3.17.6&#8243; custom_button=&#8221;on&#8221; button_text_color=&#8221;#780b00&#8243; button_bg_color=&#8221;#ffffff&#8221; button_border_radius=&#8221;12px&#8221; button_font=&#8221;Button||||||||&#8221; button_icon=&#8221;%%20%%&#8221; button_icon_color=&#8221;#ffffff&#8221; custom_margin=&#8221;||15px&#8221; custom_css_main_element=&#8221;transition: all .3s&#8221; button_text_color__hover_enabled=&#8221;on&#8221; button_text_color__hover=&#8221;#ffffff&#8221; button_bg_color__hover_enabled=&#8221;on&#8221; button_bg_color__hover=&#8221;#780b00&#8243;][\/et_pb_button][\/et_pb_column][\/et_pb_row][\/et_pb_section][et_pb_section fb_built=&#8221;1&#8243; _builder_version=&#8221;3.17.6&#8243; background_color=&#8221;#f4f4f4&#8243; custom_padding=&#8221;1px||0px||false|false&#8221; custom_padding_tablet=&#8221;0px||0px|&#8221; top_divider_height=&#8221;35px&#8221; top_divider_height_phone=&#8221;30px&#8221; top_divider_height_last_edited=&#8221;on|phone&#8221; transparent_background=&#8221;off&#8221; padding_mobile=&#8221;on&#8221; global_module=&#8221;6947&#8243; saved_tabs=&#8221;all&#8221;][et_pb_row use_custom_gutter=&#8221;on&#8221; gutter_width=&#8221;2&#8243; custom_padding=&#8221;50px||50px||false|false&#8221; column_padding_mobile=&#8221;on&#8221; parallax_method_1=&#8221;off&#8221; parallax_method_2=&#8221;off&#8221; parallax_method_3=&#8221;off&#8221; _builder_version=&#8221;3.17.6&#8243; background_size=&#8221;initial&#8221; background_position=&#8221;top_left&#8221; background_repeat=&#8221;repeat&#8221;][et_pb_column type=&#8221;1_4&#8243; _builder_version=&#8221;3.0.47&#8243; column_padding_mobile=&#8221;on&#8221; parallax=&#8221;off&#8221; parallax_method=&#8221;off&#8221;][et_pb_image src=&#8221;http:\/\/skforum.at\/wp\/wp-content\/uploads\/2019\/01\/SKForum-A1-Logo.png&#8221; _builder_version=&#8221;3.17.6&#8243; max_width=&#8221;80%&#8221; module_alignment=&#8221;left&#8221;][\/et_pb_image][\/et_pb_column][et_pb_column type=&#8221;1_4&#8243; _builder_version=&#8221;3.0.47&#8243; column_padding_mobile=&#8221;on&#8221; parallax=&#8221;off&#8221; parallax_method=&#8221;off&#8221;][et_pb_text _builder_version=&#8221;3.17.6&#8243; text_font=&#8221;Source Sans Pro|on|||&#8221; text_text_color=&#8221;#f0830e&#8221; text_font_size=&#8221;18&#8243; text_line_height=&#8221;1.4em&#8221; background_size=&#8221;initial&#8221; background_position=&#8221;top_left&#8221; background_repeat=&#8221;repeat&#8221; custom_margin=&#8221;||8px|&#8221; use_border_color=&#8221;off&#8221; border_color=&#8221;#ffffff&#8221; border_style=&#8221;solid&#8221;]<\/p>\n<p>KO SMO MI?<\/p>\n<p>[\/et_pb_text][et_pb_text admin_label=&#8221;Section&#8221; _builder_version=&#8221;3.17.6&#8243; text_font=&#8221;Source Sans Pro||||&#8221; text_text_color=&#8221;#780b00&#8243; text_font_size=&#8221;18&#8243; text_line_height=&#8221;2.2em&#8221; background_size=&#8221;initial&#8221; background_position=&#8221;top_left&#8221; background_repeat=&#8221;repeat&#8221; custom_padding=&#8221;0px|||&#8221; use_border_color=&#8221;off&#8221; border_color=&#8221;#ffffff&#8221; border_style=&#8221;solid&#8221;]<\/p>\n<p><span style=\"color: #780b00;\"><a style=\"color: #780b00;\" href=\"http:\/\/skforum.at\/wp\/o-nama\/misija-i-vizija\/\">Misija I Vizija<\/a><\/span><br \/><span style=\"color: #780b00;\"><a style=\"color: #780b00;\" href=\"#\">Na\u0161e Aktivnosti<\/a><\/span><br \/><span style=\"color: #ffffff;\"><a style=\"color: #780b00;\" href=\"#\">Drugi o Nama<\/a><\/span><\/p>\n<p>[\/et_pb_text][\/et_pb_column][et_pb_column type=&#8221;1_4&#8243; _builder_version=&#8221;3.0.47&#8243; column_padding_mobile=&#8221;on&#8221; parallax=&#8221;off&#8221; parallax_method=&#8221;off&#8221;][et_pb_text _builder_version=&#8221;3.17.6&#8243; text_font=&#8221;Source Sans Pro|on|||&#8221; text_text_color=&#8221;#f0830e&#8221; text_font_size=&#8221;18&#8243; text_line_height=&#8221;1.4em&#8221; background_size=&#8221;initial&#8221; background_position=&#8221;top_left&#8221; background_repeat=&#8221;repeat&#8221; custom_margin=&#8221;||8px|&#8221; use_border_color=&#8221;off&#8221; border_color=&#8221;#ffffff&#8221; border_style=&#8221;solid&#8221;]<\/p>\n<p>POTREBNA VAM JE POMO\u0106?<\/p>\n<p>[\/et_pb_text][et_pb_text _builder_version=&#8221;3.17.6&#8243; text_font=&#8221;Source Sans Pro||||&#8221; text_text_color=&#8221;#ffffff&#8221; text_font_size=&#8221;18&#8243; text_line_height=&#8221;2.2em&#8221; header_font=&#8221;||||||||&#8221; header_text_color=&#8221;#ffffff&#8221; background_size=&#8221;initial&#8221; background_position=&#8221;top_left&#8221; background_repeat=&#8221;repeat&#8221; custom_padding=&#8221;0px|||&#8221; use_border_color=&#8221;off&#8221; border_color=&#8221;#ffffff&#8221; border_style=&#8221;solid&#8221;]<\/p>\n<p><span style=\"color: #780b00;\"><a style=\"color: #780b00;\" href=\"#\">Generalni Kontakt<\/a><\/span><br \/><a href=\"#\"><span style=\"color: #780b00;\">\u010clanovi Foruma<\/span><\/a><\/p>\n<p>[\/et_pb_text][\/et_pb_column][et_pb_column type=&#8221;1_4&#8243; _builder_version=&#8221;3.0.47&#8243; column_padding_mobile=&#8221;on&#8221; parallax=&#8221;off&#8221; parallax_method=&#8221;on&#8221;][et_pb_text _builder_version=&#8221;3.17.6&#8243; text_font=&#8221;Source Sans Pro|on|||&#8221; text_text_color=&#8221;#f0830e&#8221; text_font_size=&#8221;18&#8243; text_line_height=&#8221;1.4em&#8221; background_size=&#8221;initial&#8221; background_position=&#8221;top_left&#8221; background_repeat=&#8221;repeat&#8221; custom_margin=&#8221;||8px|&#8221; use_border_color=&#8221;off&#8221; border_color=&#8221;#ffffff&#8221; border_style=&#8221;solid&#8221;]<\/p>\n<p>PRATITE NAS<\/p>\n<p>[\/et_pb_text][et_pb_social_media_follow url_new_window=&#8221;off&#8221; _builder_version=&#8221;3.17.6&#8243; border_radii=&#8221;on|100%|100%|100%|100%&#8221; box_shadow_style=&#8221;preset3&#8243; text_orientation=&#8221;left&#8221; link_shape=&#8221;circle&#8221;][et_pb_social_media_follow_network social_network=&#8221;facebook&#8221; url=&#8221;https:\/\/www.facebook.com\/SKForum-Wien-159155500768268\/?ref=ts&#8221; _builder_version=&#8221;3.17.6&#8243; background_color=&#8221;#3b5998&#8243; bg_color=&#8221;#3b5998&#8243; link_shape=&#8221;circle&#8221; follow_button=&#8221;off&#8221; url_new_window=&#8221;off&#8221;]<\/p>\n<p>facebook<\/p>\n<p>[\/et_pb_social_media_follow_network][\/et_pb_social_media_follow][et_pb_button button_url=&#8221;http:\/\/skforum.at\/wp\/kontakt\/generalni-kontakt\/&#8221; button_text=&#8221;KONTAKTIRAJTE NAS!&#8221; button_alignment=&#8221;center&#8221; _builder_version=&#8221;3.17.6&#8243; custom_button=&#8221;on&#8221; button_text_size=&#8221;18&#8243; button_text_color=&#8221;#ffffff&#8221; button_bg_color=&#8221;#f0830e&#8221; button_border_width=&#8221;0px&#8221; button_border_color=&#8221;#2ea3f2&#8243; button_border_radius=&#8221;5px&#8221; button_font=&#8221;Source Sans Pro||||&#8221; button_icon=&#8221;%%20%%&#8221; button_icon_color=&#8221;#ffffff&#8221; box_shadow_style=&#8221;preset3&#8243; custom_css_main_element=&#8221;width:100%;||transition: all .2s&#8221; button_text_color_hover=&#8221;#ffffff&#8221; button_border_color_hover=&#8221;#d94b6a&#8221; button_border_radius_hover=&#8221;100&#8243; button_letter_spacing_hover=&#8221;0&#8243; button_bg_color_hover=&#8221;#d94b6a&#8221; locked=&#8221;off&#8221; button_text_size__hover_enabled=&#8221;off&#8221; button_one_text_size__hover_enabled=&#8221;off&#8221; button_two_text_size__hover_enabled=&#8221;off&#8221; button_text_color__hover_enabled=&#8221;on&#8221; button_text_color__hover=&#8221;#ffffff&#8221; button_one_text_color__hover_enabled=&#8221;off&#8221; button_two_text_color__hover_enabled=&#8221;off&#8221; button_border_width__hover_enabled=&#8221;off&#8221; button_one_border_width__hover_enabled=&#8221;off&#8221; button_two_border_width__hover_enabled=&#8221;off&#8221; button_border_color__hover_enabled=&#8221;on&#8221; button_border_color__hover=&#8221;rgba(46,163,242,0.85)&#8221; button_one_border_color__hover_enabled=&#8221;off&#8221; button_two_border_color__hover_enabled=&#8221;off&#8221; button_border_radius__hover_enabled=&#8221;on&#8221; button_border_radius__hover=&#8221;5px&#8221; button_one_border_radius__hover_enabled=&#8221;off&#8221; button_two_border_radius__hover_enabled=&#8221;off&#8221; button_letter_spacing__hover_enabled=&#8221;on&#8221; button_letter_spacing__hover=&#8221;0&#8243; button_one_letter_spacing__hover_enabled=&#8221;off&#8221; button_two_letter_spacing__hover_enabled=&#8221;off&#8221; button_bg_color__hover_enabled=&#8221;on&#8221; button_bg_color__hover=&#8221;rgba(240,131,14,0.6)&#8221; button_one_bg_color__hover_enabled=&#8221;off&#8221; button_two_bg_color__hover_enabled=&#8221;off&#8221;][\/et_pb_button][\/et_pb_column][\/et_pb_row][\/et_pb_section]<\/p>\n","protected":false},"excerpt":{"rendered":"<p>Paralelne manifestacije odr\u017eane u dva glavna grada U sve\u010danoj sali be\u010dke Ve\u0107nice u sredu uve\u010de odr\u017ean je prijem &#8220;Beograd u Be\u010du&#8221;, dok je istovremeno u glavnom gradu Srbije tekla manifestacija [&hellip;]<\/p>\n","protected":false},"author":1,"featured_media":15544,"comment_status":"open","ping_status":"open","sticky":false,"template":"","format":"standard","meta":{"_et_pb_use_builder":"on","_et_pb_old_content":"","_et_gb_content_width":"","footnotes":"","_links_to":"","_links_to_target":""},"categories":[146],"tags":[],"class_list":["post-15543","post","type-post","status-publish","format-standard","has-post-thumbnail","hentry","category-dogadjaji"],"yoast_head":"<!-- This site is optimized with the Yoast SEO plugin v27.4 - https:\/\/yoast.com\/product\/yoast-seo-wordpress\/ -->\n<title>Be\u010d i Beograd bli\u017ei nego ikada | SKForum<\/title>\n<meta name=\"robots\" content=\"index, follow, max-snippet:-1, max-image-preview:large, max-video-preview:-1\" \/>\n<link rel=\"canonical\" href=\"http:\/\/skforum.at\/wp\/bec-i-beograd-blizi-nego-ikada\/\" \/>\n<meta property=\"og:locale\" content=\"en_US\" \/>\n<meta property=\"og:type\" content=\"article\" \/>\n<meta property=\"og:title\" content=\"Be\u010d i Beograd bli\u017ei nego ikada | SKForum\" \/>\n<meta property=\"og:description\" content=\"Paralelne manifestacije odr\u017eane u dva glavna grada U sve\u010danoj sali be\u010dke Ve\u0107nice u sredu uve\u010de odr\u017ean je prijem &quot;Beograd u Be\u010du&quot;, dok je istovremeno u glavnom gradu Srbije tekla manifestacija [&hellip;]\" \/>\n<meta property=\"og:url\" content=\"http:\/\/skforum.at\/wp\/bec-i-beograd-blizi-nego-ikada\/\" \/>\n<meta property=\"og:site_name\" content=\"SKForum\" \/>\n<meta property=\"article:publisher\" content=\"https:\/\/www.facebook.com\/SKForum-159155500768268\/?ref=ts\" \/>\n<meta property=\"article:published_time\" content=\"2010-09-08T11:53:59+00:00\" \/>\n<meta property=\"article:modified_time\" content=\"2019-02-01T13:13:05+00:00\" \/>\n<meta property=\"og:image\" content=\"http:\/\/skforum.at\/wp\/wp-content\/uploads\/2019\/01\/BB1b.jpg\" \/>\n\t<meta property=\"og:image:width\" content=\"470\" \/>\n\t<meta property=\"og:image:height\" content=\"270\" \/>\n\t<meta property=\"og:image:type\" content=\"image\/jpeg\" \/>\n<meta name=\"author\" content=\"SKForum\" \/>\n<meta name=\"twitter:card\" content=\"summary_large_image\" \/>\n<meta name=\"twitter:label1\" content=\"Written by\" \/>\n\t<meta name=\"twitter:data1\" content=\"SKForum\" \/>\n\t<meta name=\"twitter:label2\" content=\"Est. reading time\" \/>\n\t<meta name=\"twitter:data2\" content=\"11 minutes\" \/>\n<script type=\"application\/ld+json\" class=\"yoast-schema-graph\">{\"@context\":\"https:\\\/\\\/schema.org\",\"@graph\":[{\"@type\":\"Article\",\"@id\":\"http:\\\/\\\/skforum.at\\\/wp\\\/bec-i-beograd-blizi-nego-ikada\\\/#article\",\"isPartOf\":{\"@id\":\"http:\\\/\\\/skforum.at\\\/wp\\\/bec-i-beograd-blizi-nego-ikada\\\/\"},\"author\":{\"name\":\"SKForum\",\"@id\":\"http:\\\/\\\/skforum.at\\\/wp\\\/#\\\/schema\\\/person\\\/e804f03c42651cfbb24377df266c5198\"},\"headline\":\"Be\u010d i Beograd bli\u017ei nego ikada\",\"datePublished\":\"2010-09-08T11:53:59+00:00\",\"dateModified\":\"2019-02-01T13:13:05+00:00\",\"mainEntityOfPage\":{\"@id\":\"http:\\\/\\\/skforum.at\\\/wp\\\/bec-i-beograd-blizi-nego-ikada\\\/\"},\"wordCount\":2157,\"commentCount\":0,\"publisher\":{\"@id\":\"http:\\\/\\\/skforum.at\\\/wp\\\/#organization\"},\"image\":{\"@id\":\"http:\\\/\\\/skforum.at\\\/wp\\\/bec-i-beograd-blizi-nego-ikada\\\/#primaryimage\"},\"thumbnailUrl\":\"http:\\\/\\\/skforum.at\\\/wp\\\/wp-content\\\/uploads\\\/2019\\\/01\\\/BB1b.jpg\",\"articleSection\":[\"DOGADJAJI\"],\"inLanguage\":\"en-US\"},{\"@type\":\"WebPage\",\"@id\":\"http:\\\/\\\/skforum.at\\\/wp\\\/bec-i-beograd-blizi-nego-ikada\\\/\",\"url\":\"http:\\\/\\\/skforum.at\\\/wp\\\/bec-i-beograd-blizi-nego-ikada\\\/\",\"name\":\"Be\u010d i Beograd bli\u017ei nego ikada | SKForum\",\"isPartOf\":{\"@id\":\"http:\\\/\\\/skforum.at\\\/wp\\\/#website\"},\"primaryImageOfPage\":{\"@id\":\"http:\\\/\\\/skforum.at\\\/wp\\\/bec-i-beograd-blizi-nego-ikada\\\/#primaryimage\"},\"image\":{\"@id\":\"http:\\\/\\\/skforum.at\\\/wp\\\/bec-i-beograd-blizi-nego-ikada\\\/#primaryimage\"},\"thumbnailUrl\":\"http:\\\/\\\/skforum.at\\\/wp\\\/wp-content\\\/uploads\\\/2019\\\/01\\\/BB1b.jpg\",\"datePublished\":\"2010-09-08T11:53:59+00:00\",\"dateModified\":\"2019-02-01T13:13:05+00:00\",\"breadcrumb\":{\"@id\":\"http:\\\/\\\/skforum.at\\\/wp\\\/bec-i-beograd-blizi-nego-ikada\\\/#breadcrumb\"},\"inLanguage\":\"en-US\",\"potentialAction\":[{\"@type\":\"ReadAction\",\"target\":[\"http:\\\/\\\/skforum.at\\\/wp\\\/bec-i-beograd-blizi-nego-ikada\\\/\"]}]},{\"@type\":\"ImageObject\",\"inLanguage\":\"en-US\",\"@id\":\"http:\\\/\\\/skforum.at\\\/wp\\\/bec-i-beograd-blizi-nego-ikada\\\/#primaryimage\",\"url\":\"http:\\\/\\\/skforum.at\\\/wp\\\/wp-content\\\/uploads\\\/2019\\\/01\\\/BB1b.jpg\",\"contentUrl\":\"http:\\\/\\\/skforum.at\\\/wp\\\/wp-content\\\/uploads\\\/2019\\\/01\\\/BB1b.jpg\",\"width\":470,\"height\":270},{\"@type\":\"BreadcrumbList\",\"@id\":\"http:\\\/\\\/skforum.at\\\/wp\\\/bec-i-beograd-blizi-nego-ikada\\\/#breadcrumb\",\"itemListElement\":[{\"@type\":\"ListItem\",\"position\":1,\"name\":\"Home\",\"item\":\"https:\\\/\\\/skforum.at\\\/wp\\\/\"},{\"@type\":\"ListItem\",\"position\":2,\"name\":\"Be\u010d i Beograd bli\u017ei nego ikada\"}]},{\"@type\":\"WebSite\",\"@id\":\"http:\\\/\\\/skforum.at\\\/wp\\\/#website\",\"url\":\"http:\\\/\\\/skforum.at\\\/wp\\\/\",\"name\":\"SKForum\",\"description\":\"SKForum\",\"publisher\":{\"@id\":\"http:\\\/\\\/skforum.at\\\/wp\\\/#organization\"},\"potentialAction\":[{\"@type\":\"SearchAction\",\"target\":{\"@type\":\"EntryPoint\",\"urlTemplate\":\"http:\\\/\\\/skforum.at\\\/wp\\\/?s={search_term_string}\"},\"query-input\":{\"@type\":\"PropertyValueSpecification\",\"valueRequired\":true,\"valueName\":\"search_term_string\"}}],\"inLanguage\":\"en-US\"},{\"@type\":\"Organization\",\"@id\":\"http:\\\/\\\/skforum.at\\\/wp\\\/#organization\",\"name\":\"SKForum\",\"url\":\"http:\\\/\\\/skforum.at\\\/wp\\\/\",\"logo\":{\"@type\":\"ImageObject\",\"inLanguage\":\"en-US\",\"@id\":\"http:\\\/\\\/skforum.at\\\/wp\\\/#\\\/schema\\\/logo\\\/image\\\/\",\"url\":\"https:\\\/\\\/skforum.at\\\/wp\\\/wp-content\\\/uploads\\\/2019\\\/01\\\/SKForum-A1-Logo_manji.png\",\"contentUrl\":\"https:\\\/\\\/skforum.at\\\/wp\\\/wp-content\\\/uploads\\\/2019\\\/01\\\/SKForum-A1-Logo_manji.png\",\"width\":333,\"height\":285,\"caption\":\"SKForum\"},\"image\":{\"@id\":\"http:\\\/\\\/skforum.at\\\/wp\\\/#\\\/schema\\\/logo\\\/image\\\/\"},\"sameAs\":[\"https:\\\/\\\/www.facebook.com\\\/SKForum-159155500768268\\\/?ref=ts\",\"https:\\\/\\\/www.instagram.com\\\/skforum_vienna\\\/\"]},{\"@type\":\"Person\",\"@id\":\"http:\\\/\\\/skforum.at\\\/wp\\\/#\\\/schema\\\/person\\\/e804f03c42651cfbb24377df266c5198\",\"name\":\"SKForum\",\"image\":{\"@type\":\"ImageObject\",\"inLanguage\":\"en-US\",\"@id\":\"https:\\\/\\\/secure.gravatar.com\\\/avatar\\\/f58a82b11cc153f8f112a5db3d48724acf7a98d8a72cb785af5ae518d3f49629?s=96&d=mm&r=g\",\"url\":\"https:\\\/\\\/secure.gravatar.com\\\/avatar\\\/f58a82b11cc153f8f112a5db3d48724acf7a98d8a72cb785af5ae518d3f49629?s=96&d=mm&r=g\",\"contentUrl\":\"https:\\\/\\\/secure.gravatar.com\\\/avatar\\\/f58a82b11cc153f8f112a5db3d48724acf7a98d8a72cb785af5ae518d3f49629?s=96&d=mm&r=g\",\"caption\":\"SKForum\"}}]}<\/script>\n<!-- \/ Yoast SEO plugin. -->","yoast_head_json":{"title":"Be\u010d i Beograd bli\u017ei nego ikada | SKForum","robots":{"index":"index","follow":"follow","max-snippet":"max-snippet:-1","max-image-preview":"max-image-preview:large","max-video-preview":"max-video-preview:-1"},"canonical":"http:\/\/skforum.at\/wp\/bec-i-beograd-blizi-nego-ikada\/","og_locale":"en_US","og_type":"article","og_title":"Be\u010d i Beograd bli\u017ei nego ikada | SKForum","og_description":"Paralelne manifestacije odr\u017eane u dva glavna grada U sve\u010danoj sali be\u010dke Ve\u0107nice u sredu uve\u010de odr\u017ean je prijem \"Beograd u Be\u010du\", dok je istovremeno u glavnom gradu Srbije tekla manifestacija [&hellip;]","og_url":"http:\/\/skforum.at\/wp\/bec-i-beograd-blizi-nego-ikada\/","og_site_name":"SKForum","article_publisher":"https:\/\/www.facebook.com\/SKForum-159155500768268\/?ref=ts","article_published_time":"2010-09-08T11:53:59+00:00","article_modified_time":"2019-02-01T13:13:05+00:00","og_image":[{"width":470,"height":270,"url":"http:\/\/skforum.at\/wp\/wp-content\/uploads\/2019\/01\/BB1b.jpg","type":"image\/jpeg"}],"author":"SKForum","twitter_card":"summary_large_image","twitter_misc":{"Written by":"SKForum","Est. reading time":"11 minutes"},"schema":{"@context":"https:\/\/schema.org","@graph":[{"@type":"Article","@id":"http:\/\/skforum.at\/wp\/bec-i-beograd-blizi-nego-ikada\/#article","isPartOf":{"@id":"http:\/\/skforum.at\/wp\/bec-i-beograd-blizi-nego-ikada\/"},"author":{"name":"SKForum","@id":"http:\/\/skforum.at\/wp\/#\/schema\/person\/e804f03c42651cfbb24377df266c5198"},"headline":"Be\u010d i Beograd bli\u017ei nego ikada","datePublished":"2010-09-08T11:53:59+00:00","dateModified":"2019-02-01T13:13:05+00:00","mainEntityOfPage":{"@id":"http:\/\/skforum.at\/wp\/bec-i-beograd-blizi-nego-ikada\/"},"wordCount":2157,"commentCount":0,"publisher":{"@id":"http:\/\/skforum.at\/wp\/#organization"},"image":{"@id":"http:\/\/skforum.at\/wp\/bec-i-beograd-blizi-nego-ikada\/#primaryimage"},"thumbnailUrl":"http:\/\/skforum.at\/wp\/wp-content\/uploads\/2019\/01\/BB1b.jpg","articleSection":["DOGADJAJI"],"inLanguage":"en-US"},{"@type":"WebPage","@id":"http:\/\/skforum.at\/wp\/bec-i-beograd-blizi-nego-ikada\/","url":"http:\/\/skforum.at\/wp\/bec-i-beograd-blizi-nego-ikada\/","name":"Be\u010d i Beograd bli\u017ei nego ikada | SKForum","isPartOf":{"@id":"http:\/\/skforum.at\/wp\/#website"},"primaryImageOfPage":{"@id":"http:\/\/skforum.at\/wp\/bec-i-beograd-blizi-nego-ikada\/#primaryimage"},"image":{"@id":"http:\/\/skforum.at\/wp\/bec-i-beograd-blizi-nego-ikada\/#primaryimage"},"thumbnailUrl":"http:\/\/skforum.at\/wp\/wp-content\/uploads\/2019\/01\/BB1b.jpg","datePublished":"2010-09-08T11:53:59+00:00","dateModified":"2019-02-01T13:13:05+00:00","breadcrumb":{"@id":"http:\/\/skforum.at\/wp\/bec-i-beograd-blizi-nego-ikada\/#breadcrumb"},"inLanguage":"en-US","potentialAction":[{"@type":"ReadAction","target":["http:\/\/skforum.at\/wp\/bec-i-beograd-blizi-nego-ikada\/"]}]},{"@type":"ImageObject","inLanguage":"en-US","@id":"http:\/\/skforum.at\/wp\/bec-i-beograd-blizi-nego-ikada\/#primaryimage","url":"http:\/\/skforum.at\/wp\/wp-content\/uploads\/2019\/01\/BB1b.jpg","contentUrl":"http:\/\/skforum.at\/wp\/wp-content\/uploads\/2019\/01\/BB1b.jpg","width":470,"height":270},{"@type":"BreadcrumbList","@id":"http:\/\/skforum.at\/wp\/bec-i-beograd-blizi-nego-ikada\/#breadcrumb","itemListElement":[{"@type":"ListItem","position":1,"name":"Home","item":"https:\/\/skforum.at\/wp\/"},{"@type":"ListItem","position":2,"name":"Be\u010d i Beograd bli\u017ei nego ikada"}]},{"@type":"WebSite","@id":"http:\/\/skforum.at\/wp\/#website","url":"http:\/\/skforum.at\/wp\/","name":"SKForum","description":"SKForum","publisher":{"@id":"http:\/\/skforum.at\/wp\/#organization"},"potentialAction":[{"@type":"SearchAction","target":{"@type":"EntryPoint","urlTemplate":"http:\/\/skforum.at\/wp\/?s={search_term_string}"},"query-input":{"@type":"PropertyValueSpecification","valueRequired":true,"valueName":"search_term_string"}}],"inLanguage":"en-US"},{"@type":"Organization","@id":"http:\/\/skforum.at\/wp\/#organization","name":"SKForum","url":"http:\/\/skforum.at\/wp\/","logo":{"@type":"ImageObject","inLanguage":"en-US","@id":"http:\/\/skforum.at\/wp\/#\/schema\/logo\/image\/","url":"https:\/\/skforum.at\/wp\/wp-content\/uploads\/2019\/01\/SKForum-A1-Logo_manji.png","contentUrl":"https:\/\/skforum.at\/wp\/wp-content\/uploads\/2019\/01\/SKForum-A1-Logo_manji.png","width":333,"height":285,"caption":"SKForum"},"image":{"@id":"http:\/\/skforum.at\/wp\/#\/schema\/logo\/image\/"},"sameAs":["https:\/\/www.facebook.com\/SKForum-159155500768268\/?ref=ts","https:\/\/www.instagram.com\/skforum_vienna\/"]},{"@type":"Person","@id":"http:\/\/skforum.at\/wp\/#\/schema\/person\/e804f03c42651cfbb24377df266c5198","name":"SKForum","image":{"@type":"ImageObject","inLanguage":"en-US","@id":"https:\/\/secure.gravatar.com\/avatar\/f58a82b11cc153f8f112a5db3d48724acf7a98d8a72cb785af5ae518d3f49629?s=96&d=mm&r=g","url":"https:\/\/secure.gravatar.com\/avatar\/f58a82b11cc153f8f112a5db3d48724acf7a98d8a72cb785af5ae518d3f49629?s=96&d=mm&r=g","contentUrl":"https:\/\/secure.gravatar.com\/avatar\/f58a82b11cc153f8f112a5db3d48724acf7a98d8a72cb785af5ae518d3f49629?s=96&d=mm&r=g","caption":"SKForum"}}]}},"_links":{"self":[{"href":"http:\/\/skforum.at\/wp\/wp-json\/wp\/v2\/posts\/15543","targetHints":{"allow":["GET"]}}],"collection":[{"href":"http:\/\/skforum.at\/wp\/wp-json\/wp\/v2\/posts"}],"about":[{"href":"http:\/\/skforum.at\/wp\/wp-json\/wp\/v2\/types\/post"}],"author":[{"embeddable":true,"href":"http:\/\/skforum.at\/wp\/wp-json\/wp\/v2\/users\/1"}],"replies":[{"embeddable":true,"href":"http:\/\/skforum.at\/wp\/wp-json\/wp\/v2\/comments?post=15543"}],"version-history":[{"count":3,"href":"http:\/\/skforum.at\/wp\/wp-json\/wp\/v2\/posts\/15543\/revisions"}],"predecessor-version":[{"id":18059,"href":"http:\/\/skforum.at\/wp\/wp-json\/wp\/v2\/posts\/15543\/revisions\/18059"}],"wp:featuredmedia":[{"embeddable":true,"href":"http:\/\/skforum.at\/wp\/wp-json\/wp\/v2\/media\/15544"}],"wp:attachment":[{"href":"http:\/\/skforum.at\/wp\/wp-json\/wp\/v2\/media?parent=15543"}],"wp:term":[{"taxonomy":"category","embeddable":true,"href":"http:\/\/skforum.at\/wp\/wp-json\/wp\/v2\/categories?post=15543"},{"taxonomy":"post_tag","embeddable":true,"href":"http:\/\/skforum.at\/wp\/wp-json\/wp\/v2\/tags?post=15543"}],"curies":[{"name":"wp","href":"https:\/\/api.w.org\/{rel}","templated":true}]}}